[{"@context":"https:\/\/schema.org\/","@type":"Article","@id":"https:\/\/www.bebeo.cz\/znacky-vas-nebudou-v-noci-strasit\/#Article","mainEntityOfPage":"https:\/\/www.bebeo.cz\/znacky-vas-nebudou-v-noci-strasit\/","headline":"Zna\u010dky V\u00e1s nebudou v\u00a0noci stra\u0161it","name":"Zna\u010dky V\u00e1s nebudou v\u00a0noci stra\u0161it","description":"Pl\u00e1nujete ud\u011blat si auto\u0161kolu? P\u0159ihlaste se do auto\u0161koly Slon v Brn\u011b. R\u00e1di p\u0159iv\u00edt\u00e1me sv\u00e9 nov\u00e9 \u017e\u00e1ky. Ve \u0161kole m\u00e1me kolo&hellip;","datePublished":"2024-11-14","dateModified":"2024-11-14","author":{"@type":"Person","@id":"https:\/\/www.bebeo.cz\/author\/#Person","name":"bebeo.cz\n","url":"https:\/\/www.bebeo.cz\/author\/","identifier":1,"image":{"@type":"ImageObject","@id":"https:\/\/secure.gravatar.com\/avatar\/25a824e14ead2d36aba24b918221841350fb41cea98048e9b1929df8c4bf4bd8?s=96&d=mm&r=g","url":"https:\/\/secure.gravatar.com\/avatar\/25a824e14ead2d36aba24b918221841350fb41cea98048e9b1929df8c4bf4bd8?s=96&d=mm&r=g","height":96,"width":96}},"publisher":{"@type":"Organization","name":"bebeo.cz","logo":{"@type":"ImageObject","@id":"\/logo.png","url":"\/logo.png","width":600,"height":60}},"url":"https:\/\/www.bebeo.cz\/znacky-vas-nebudou-v-noci-strasit\/","wordCount":198,"articleBody":"\tPl\u00e1nujete ud\u011blat si auto\u0161kolu? P\u0159ihlaste se do auto\u0161koly Slon v Brn\u011b. R\u00e1di p\u0159iv\u00edt\u00e1me sv\u00e9 nov\u00e9 \u017e\u00e1ky. Ve \u0161kole m\u00e1me kolo \u0161t\u011bst\u00ed, na kter\u00e9m si ka\u017ed\u00fd nov\u011b p\u0159\u00edchoz\u00ed \u017e\u00e1k m\u016f\u017ee vyto\u010dit slevu z kurzovn\u00e9ho. P\u0159ihl\u00e1\u0161ku naleznete na na\u0161ich internetov\u00fdch str\u00e1nk\u00e1ch, ze kter\u00fdch si ji m\u016f\u017eete st\u00e1hnout. K tomu p\u0159ipojte l\u00e9ka\u0159sk\u00fd posudek a v\u00fduka m\u016f\u017ee za\u010d\u00edt. Auto\u0161kola Brno &#8211; ta nejlep\u0161\u00ed pro v\u00e1s.\tAuto\u0161kola Praha\tL\u00e1k\u00e1 v\u00e1s ud\u011blat si \u0159idi\u010dsk\u00fd pr\u016fkaz? V dne\u0161n\u00ed dob\u011b je to d\u016fle\u017eit\u00e1 v\u011bc. Proto se dlouho nerozm\u00fd\u0161lejte a podejte si p\u0159ihl\u00e1\u0161ku do na\u0161\u00ed auto\u0161koly Slon v Brn\u011b. Strach ani nervozita nejsou na m\u00edst\u011b. Auto\u0161kola Praha v\u00e1s v\u0161e pot\u0159ebn\u00e9 postupn\u011b nau\u010d\u00ed. Sami se p\u0159esv\u011bd\u010d\u00edte, \u017ee u n\u00e1s jste na spr\u00e1vn\u00e9m m\u00edst\u011b.\tP\u0159ihl\u00e1\u0161ka\tP\u0159ihl\u00e1\u0161ku si m\u016f\u017eete st\u00e1hnout z na\u0161ich internetov\u00fdch str\u00e1nek. Auto\u0161kola Brno v\u00e1s nezklame.                                                                                                                                                                                                                                                                                                                                                                                        3.5\/5 - (2 votes)        "},{"@context":"https:\/\/schema.org\/","@type":"BreadcrumbList","itemListElement":[{"@type":"ListItem","position":1,"name":"Zna\u010dky V\u00e1s nebudou v\u00a0noci stra\u0161it","item":"https:\/\/www.bebeo.cz\/znacky-vas-nebudou-v-noci-strasit\/#breadcrumbitem"}]}]