[{"@context":"https:\/\/schema.org\/","@type":"Article","@id":"https:\/\/www.bebeo.cz\/zavrete-je-do-klece\/#Article","mainEntityOfPage":"https:\/\/www.bebeo.cz\/zavrete-je-do-klece\/","headline":"Zav\u0159ete je do klece","name":"Zav\u0159ete je do klece","description":"Klece a kl\u00edcky, kter\u00e9 jsou ur\u010den\u00e9 k dekoraci interi\u00e9ru, jsou dostupn\u00e9 v mnoha obchodech s d\u00e1rky a nejr\u016fzn\u011bj\u0161\u00edmi drobnostmi. K&hellip;","datePublished":"2025-02-27","dateModified":"2023-04-28","author":{"@type":"Person","@id":"https:\/\/www.bebeo.cz\/author\/#Person","name":"bebeo.cz\n","url":"https:\/\/www.bebeo.cz\/author\/","identifier":1,"image":{"@type":"ImageObject","@id":"https:\/\/secure.gravatar.com\/avatar\/25a824e14ead2d36aba24b918221841350fb41cea98048e9b1929df8c4bf4bd8?s=96&d=mm&r=g","url":"https:\/\/secure.gravatar.com\/avatar\/25a824e14ead2d36aba24b918221841350fb41cea98048e9b1929df8c4bf4bd8?s=96&d=mm&r=g","height":96,"width":96}},"publisher":{"@type":"Organization","name":"bebeo.cz","logo":{"@type":"ImageObject","@id":"\/logo.png","url":"\/logo.png","width":600,"height":60}},"image":{"@type":"ImageObject","@id":"https:\/\/www.bebeo.cz\/wp-content\/uploads\/img_a290283_w1743_t1502742812.jpg","url":"https:\/\/www.bebeo.cz\/wp-content\/uploads\/img_a290283_w1743_t1502742812.jpg","height":0,"width":0},"url":"https:\/\/www.bebeo.cz\/zavrete-je-do-klece\/","about":["D\u016fm a byt"],"wordCount":428,"articleBody":"Klece a kl\u00edcky, kter\u00e9 jsou ur\u010den\u00e9 k dekoraci interi\u00e9ru, jsou dostupn\u00e9 v mnoha obchodech s d\u00e1rky a nejr\u016fzn\u011bj\u0161\u00edmi drobnostmi. K vid\u011bn\u00ed jsou klece docela mal\u00e9, ale i ty velk\u00e9. Klece jsou vyr\u00e1b\u011bn\u00e9 z materi\u00e1l\u016f, jako je kov a d\u0159evo. V\u0161echny tyto klece jsou ur\u010deny k dekorac\u00edm interi\u00e9ru, jako dopln\u011bk do bytu, zimn\u00ed zahrady, nebo na terasu a zahradu.\tKl\u00edcka jako dekoraceTyto klece m\u016f\u017eeme um\u00eds\u0165ovat na vy\u0161\u0161\u00ed podstavec. T\u00edm je nap\u0159\u00edklad kv\u011btinov\u00fd stolek. Anebo je vhodn\u00e9 zav\u011bsit kl\u00edcky do prostoru, kde budou upout\u00e1vat pozornost a t\u011b\u0161it n\u00e1s zaj\u00edmav\u00fdmi a kr\u00e1sn\u00fdmi oran\u017eeriemi uvnit\u0159.\u00b7\u00a0\u00a0\u00a0\u00a0\u00a0\u00a0\u00a0\u00a0 Takov\u00e1 jemn\u011b vypl\u00e9tan\u00e1 a dekorativn\u00ed kl\u00edcka je nap\u0159\u00edklad vynikaj\u00edc\u00edm m\u00edstem pro kv\u011btiny. Zcela ur\u010dit\u011b to bude ve vnit\u0159ku dr\u00e1t\u011bn\u00e9ho prostoru slu\u0161et kv\u011btin\u00e1m, \u010di rostlin\u00e1m v kv\u011btin\u00e1\u010di.\u00b7\u00a0\u00a0\u00a0\u00a0\u00a0\u00a0\u00a0\u00a0 Dal\u0161\u00ed variantou dekorov\u00e1n\u00ed kl\u00edcky kv\u011btinami je pou\u017eit\u00ed \u0159ezan\u00fdch kv\u011btin v n\u00e1dob\u00e1ch.\u00b7\u00a0\u00a0\u00a0\u00a0\u00a0\u00a0\u00a0\u00a0 Velice kr\u00e1sn\u011b se budou v klec\u00edch vyj\u00edmat i kv\u011btiny su\u0161en\u00e9. \u00da\u017easn\u011b vypadaj\u00edc\u00ed jsou kv\u011btenstv\u00ed hortenzie, r\u016f\u017ee anebo m\u011bch\u00fd\u0159ky mochyn\u011b \u017eidovsk\u00e9. \u010c\u00edm v\u00edce fantazie pou\u017eijete, a \u010d\u00edm v\u00edce bude kv\u011btinov\u00e1 dekorace objemn\u011bj\u0161\u00ed a barevn\u011bj\u0161\u00ed, t\u00edm bude p\u016fsobiv\u011bj\u0161\u00ed.\u00b7\u00a0\u00a0\u00a0\u00a0\u00a0\u00a0\u00a0\u00a0 V dr\u00e1t\u011bn\u00e9 kl\u00edcce vypadaj\u00ed tak\u00e9 efektn\u011b a obzvl\u00e1\u0161\u0165 p\u011bkn\u011b rostliny, kter\u00e9 maj\u00ed pop\u00ednav\u00e9 \u010di spl\u00fdvav\u00e9 \u0161lahouny. Mohou to b\u00fdt nap\u0159\u00edklad b\u0159e\u010d\u0165an, sv\u00edcn\u00edk, kapsk\u00e1 r\u00e9va, p\u0159evisl\u00e1 pelargonie nebo i pokojov\u00fd zvonek s drobn\u00fdmi fialov\u00fdmi \u010di b\u00edl\u00fdmi kv\u011bty.\tSv\u00edcen a sv\u00edc\u00ednekB\u011bhem temn\u00fdch zimn\u00edch dn\u00ed ocen\u00edme klec tak\u00e9 jako z\u00e1v\u011bsnou lampu. Do klece m\u016f\u017eeme um\u00edstit nam\u00edsto kv\u011btin velkou, tlustou sv\u00edci, anebo n\u011bkolik r\u016fzn\u011b vysok\u00fdch sv\u00edc\u00ed. Takov\u00e1 lampa n\u00e1m pak p\u011bkn\u011b proz\u00e1\u0159\u00ed tmav\u00e9 kouty v interi\u00e9ru. Zrovna tak klec jako lampu vyu\u017eijeme i v l\u00e9t\u011b. Zkuste ji zav\u011bsit do koruny stromu, nebo na tr\u00e1m pergoly jako lampion. Sv\u00ed\u010dku v\u0161ak v tomto p\u0159\u00edpad\u011b vlo\u017ete do skleni\u010dky, jinak by ji v\u00edtr sfoukl.Tyto klece jsou i jinde ve sv\u011bt\u011b velice obl\u00edben\u00e9. Pou\u017e\u00edvaj\u00ed se nap\u0159\u00edklad jako svatebn\u00ed dekorace k v\u00fdzdob\u011b slavnostn\u00edch tabul\u00ed.                                                                                                                                                                                                                                                                                                                                                                                        5\/5 - (3 votes)        "},{"@context":"https:\/\/schema.org\/","@type":"BreadcrumbList","itemListElement":[{"@type":"ListItem","position":1,"name":"Zav\u0159ete je do klece","item":"https:\/\/www.bebeo.cz\/zavrete-je-do-klece\/#breadcrumbitem"}]}]