[{"@context":"https:\/\/schema.org\/","@type":"Article","@id":"https:\/\/www.bebeo.cz\/zalozeni-s-r-o\/#Article","mainEntityOfPage":"https:\/\/www.bebeo.cz\/zalozeni-s-r-o\/","headline":"Zalo\u017een\u00ed s.r.o.","name":"Zalo\u017een\u00ed s.r.o.","description":"a z\u00e1pis t\u00e9to spole\u010dnosti do obchodn\u00edho rejst\u0159\u00edku pat\u0159\u00edmezi hlavn\u00ed\u00faskal\u00ed, kter\u00e1\u010dekaj\u00edna budouc\u00edho provozovatele ka\u017ed\u00e9obchodn\u00edspole\u010dnosti. Nov\u00e9zakl\u00e1d\u00e1n\u00edspole\u010dnosti, agentury \u010di firmy je pova\u017eov\u00e1no v&hellip;","datePublished":"2024-12-25","dateModified":"2024-12-25","author":{"@type":"Person","@id":"https:\/\/www.bebeo.cz\/author\/#Person","name":"bebeo.cz\n","url":"https:\/\/www.bebeo.cz\/author\/","identifier":1,"image":{"@type":"ImageObject","@id":"https:\/\/secure.gravatar.com\/avatar\/25a824e14ead2d36aba24b918221841350fb41cea98048e9b1929df8c4bf4bd8?s=96&d=mm&r=g","url":"https:\/\/secure.gravatar.com\/avatar\/25a824e14ead2d36aba24b918221841350fb41cea98048e9b1929df8c4bf4bd8?s=96&d=mm&r=g","height":96,"width":96}},"publisher":{"@type":"Organization","name":"bebeo.cz","logo":{"@type":"ImageObject","@id":"\/logo.png","url":"\/logo.png","width":600,"height":60}},"url":"https:\/\/www.bebeo.cz\/zalozeni-s-r-o\/","wordCount":227,"articleBody":" a z\u00e1pis t\u00e9to spole\u010dnosti do obchodn\u00edho rejst\u0159\u00edku pat\u0159\u00edmezi hlavn\u00ed\u00faskal\u00ed, kter\u00e1\u010dekaj\u00edna budouc\u00edho provozovatele ka\u017ed\u00e9obchodn\u00edspole\u010dnosti. Nov\u00e9zakl\u00e1d\u00e1n\u00edspole\u010dnosti, agentury \u010di firmy je pova\u017eov\u00e1no v \u010cesk\u00e9republice za finan\u010dn\u011bi \u010dasov\u011bn\u00e1ro\u010dn\u00e9.Ve\u0161ker\u00e9vlo\u017een\u00e9\u00fasil\u00ed,\u010das i pen\u00edze v\u0161ak p\u0159inesou sv\u00e9ovoce realizac\u00edprojekt\u016f, pro kter\u00e9spole\u010dnost zakl\u00e1d\u00e1te. Zalo\u017een\u00ed s.r.o. Na nast\u00e1vaj\u00edc\u00edho podnikatele \u010dek\u00e1mnoho administrativn\u00edch,finan\u010dn\u00edch a pr\u00e1vn\u00edch \u00faskal\u00ed,kter\u00e9sn\u00e1ze p\u0159ekon\u00e1s pomoc\u00edkvalifikovan\u00e9ho pracovn\u00edka advok\u00e1tn\u00edkancel\u00e1\u0159e se zam\u011b\u0159en\u00edm na obchodn\u00edpr\u00e1vo. P\u0159i zalo\u017een\u00eds.r.o.budete muset dolo\u017eit \u017e\u00e1dosti, formul\u00e1\u0159e a ostatn\u00edp\u0159\u00edlohy nutn\u00e9k n\u00e1sledn\u00e9mu not\u00e1\u0159sk\u00e9mu z\u00e1pisu o vzniku va\u0161\u00ednov\u00e9spole\u010dnosti. D\u016fle\u017eit\u00e9 je nechybovat Ka\u017ed\u00e1jedna mal\u00e1chyba, kterou p\u0159i zpracov\u00e1v\u00e1n\u00edpodklad\u016fud\u011bl\u00e1te, zna\u010dn\u011bprodlou\u017e\u00eda zdra\u017e\u00edcel\u00fdproces zalo\u017een\u00eds.r.o.Pr\u016fm\u011brn\u00e1doba pro zalo\u017een\u00ed s.r.o. se v \u010cesk\u00e9republice pohybuje od \u010dty\u0159ech do \u0161esti t\u00fddn\u016f. Obr\u0148te se tedy trp\u011blivost\u00ed,pevn\u00fdmi nervy a v\u0161e pe\u010dliv\u011bp\u0159ipravte.                                                                                                                                                                                                                                                                                                                                                                                        5\/5 - (1 vote)        "},{"@context":"https:\/\/schema.org\/","@type":"BreadcrumbList","itemListElement":[{"@type":"ListItem","position":1,"name":"Zalo\u017een\u00ed s.r.o.","item":"https:\/\/www.bebeo.cz\/zalozeni-s-r-o\/#breadcrumbitem"}]}]