[{"@context":"https:\/\/schema.org\/","@type":"Article","@id":"https:\/\/www.bebeo.cz\/vzdelavani-deti-cizincu\/#Article","mainEntityOfPage":"https:\/\/www.bebeo.cz\/vzdelavani-deti-cizincu\/","headline":"Vzd\u011bl\u00e1v\u00e1n\u00ed d\u011bt\u00ed cizinc\u016f","name":"Vzd\u011bl\u00e1v\u00e1n\u00ed d\u011bt\u00ed cizinc\u016f","description":"V na\u0161em syst\u00e9mu nejen z\u00e1kladn\u00edho \u0161kolstv\u00ed nen\u00ed samoz\u0159ejm\u011b v dne\u0161n\u00ed dob\u011b opom\u00edjeno vzd\u011bl\u00e1v\u00e1n\u00ed d\u011bt\u00ed, kter\u00e9 nemaj\u00ed \u010deskou n\u00e1rodnost a nebo&hellip;","datePublished":"2023-04-28","dateModified":"2023-04-28","author":{"@type":"Person","@id":"https:\/\/www.bebeo.cz\/author\/#Person","name":"bebeo.cz\n","url":"https:\/\/www.bebeo.cz\/author\/","identifier":1,"image":{"@type":"ImageObject","@id":"https:\/\/secure.gravatar.com\/avatar\/25a824e14ead2d36aba24b918221841350fb41cea98048e9b1929df8c4bf4bd8?s=96&d=mm&r=g","url":"https:\/\/secure.gravatar.com\/avatar\/25a824e14ead2d36aba24b918221841350fb41cea98048e9b1929df8c4bf4bd8?s=96&d=mm&r=g","height":96,"width":96}},"publisher":{"@type":"Organization","name":"bebeo.cz","logo":{"@type":"ImageObject","@id":"\/logo.png","url":"\/logo.png","width":600,"height":60}},"url":"https:\/\/www.bebeo.cz\/vzdelavani-deti-cizincu\/","about":["Vzd\u011bl\u00e1n\u00ed"],"wordCount":400,"articleBody":"V na\u0161em syst\u00e9mu nejen z\u00e1kladn\u00edho \u0161kolstv\u00ed nen\u00ed samoz\u0159ejm\u011b v dne\u0161n\u00ed dob\u011b opom\u00edjeno vzd\u011bl\u00e1v\u00e1n\u00ed d\u011bt\u00ed, kter\u00e9 nemaj\u00ed \u010deskou n\u00e1rodnost a nebo se v na\u0161\u00ed zemi nenarodili a jejich mate\u0159sk\u00fdm jazykem nen\u00ed \u010desk\u00fd jazyk.I tyto d\u011bti, pokud u n\u00e1s \u017eij\u00ed, maj\u00ed samoz\u0159ejm\u011b n\u00e1rok na bezplatn\u00e9 vzd\u011bl\u00e1v\u00e1n\u00ed v na\u0161em \u0161kolstv\u00ed. Jejich nej\u010dast\u011bj\u0161\u00ed obt\u00ed\u017ee ve v\u00fduce samoz\u0159ejm\u011b plynou z neznalosti \u010desk\u00e9ho jazyka.Tyto d\u011bti mohou nav\u0161t\u011bvovat i speci\u00e1ln\u00ed \u0161koly pro zahrani\u010dn\u00ed \u017e\u00e1ky, kde velmi \u010dasto prob\u00edh\u00e1 v\u00fduka v jin\u00fdch sv\u011btov\u00fdch jazyc\u00edch. To jim ale bohu\u017eel nepom\u016f\u017ee zapojit se do b\u011b\u017en\u00e9ho \u017eivota v na\u0161\u00ed zemi.Ale co d\u011blat, kdy\u017e d\u00edt\u011b s neznalost\u00ed \u010desk\u00e9ho jazyka nastoup\u00ed na na\u0161i z\u00e1kladn\u00ed \u0161kolu? Krom\u011b neznalosti \u010desk\u00e9ho jazyka mus\u00edme p\u0159i v\u00fduce tak\u00e9 respektovat nejen nap\u0159\u00edklad zdravotn\u00ed stav, ale tak\u00e9 i p\u0159\u00edslu\u0161nost k jin\u00e9mu kulturn\u00edmu prost\u0159ed\u00ed nebo i rodinn\u00e9 prost\u0159ed\u00ed, v kter\u00e9m d\u00edt\u011b vyr\u016fst\u00e1.\tJak napom\u00e1haj\u00ed \u0161koly d\u011btem cizinc\u016fAby do\u0161lo k co nejrychlej\u0161\u00ed a efektivn\u00ed integraci d\u00edt\u011bte mezi ostatn\u00ed \u017e\u00e1ky, maj\u00ed d\u011bti cizinc\u016f n\u00e1rok na individu\u00e1ln\u00ed v\u00fduku \u010desk\u00e9ho jazyka, pop\u0159. maj\u00ed mo\u017enost nav\u0161t\u011bvovat speci\u00e1ln\u00ed kurzy a krou\u017eky, kde se s \u010desk\u00fdm jazykem a jeho gramatikou seznamuj\u00ed od za\u010d\u00e1tku.Obrovskou v\u00fdhodou t\u011bchto d\u011bt\u00ed je pr\u00e1v\u011b za\u010dlen\u011bn\u00ed mezi \u010desky mluv\u00edc\u00ed d\u011bti, od kter\u00fdch jsou schopni v brzk\u00e9 dob\u011b pochytit z\u00e1kladn\u00ed slova a pozd\u011bji v\u011bty, kter\u00e9 d\u011bti v b\u011b\u017en\u00e9 \u0159e\u0161\u00ed vyu\u017e\u00edvaj\u00ed.\u00a0\tJak prob\u00edh\u00e1 klasifikace d\u011bt\u00edNejlep\u0161\u00ed mo\u017enost\u00ed pro tyto d\u011bti je zpo\u010d\u00e1tku jejich pobytu a vzd\u011bl\u00e1v\u00e1n\u00ed na va\u0161\u00ed \u0161kole hodnotit jejich v\u00fdkon slovn\u00edm hodnocen\u00edm. Je d\u016fle\u017eit\u00e9, aby mo\u017enost slovn\u00edho hodnocen\u00ed byla sou\u010d\u00e1st\u00ed klasifika\u010dn\u00edho \u0159\u00e1du dan\u00e9 \u0161koly. D\u00edky slovn\u00edmu hodnocen\u00ed si \u017e\u00e1k nejl\u00e9pe uv\u011bdom\u00ed jeho nedostatky, ale tak\u00e9 ji\u017e osvojen\u00e9 dovednosti a znalosti, a to nejen v \u010desk\u00e9m jazyce, ale i v jin\u00fdch p\u0159edm\u011btech, kter\u00e9 \u00fazce souvis\u00ed s \u010desk\u00fdm jazykem.                                                                                                                                                                                                                                                                                                                                                                                        3.8\/5 - (5 votes)        "},{"@context":"https:\/\/schema.org\/","@type":"BreadcrumbList","itemListElement":[{"@type":"ListItem","position":1,"name":"Vzd\u011bl\u00e1v\u00e1n\u00ed d\u011bt\u00ed cizinc\u016f","item":"https:\/\/www.bebeo.cz\/vzdelavani-deti-cizincu\/#breadcrumbitem"}]}]