[{"@context":"https:\/\/schema.org\/","@type":"Article","@id":"https:\/\/www.bebeo.cz\/vlasy-jsou-vzacnost\/#Article","mainEntityOfPage":"https:\/\/www.bebeo.cz\/vlasy-jsou-vzacnost\/","headline":"Vlasy jsou vz\u00e1cnost","name":"Vlasy jsou vz\u00e1cnost","description":"Ka\u017ed\u00e1 \u017eena tou\u017e\u00ed po tom m\u00edt kr\u00e1sn\u00e9 vlasy, kter\u00e9 dr\u017e\u00ed sv\u016fj tvar a maj\u00ed perfektn\u011b vypadaj\u00edc\u00ed barvu. Ale co kdy\u017e&hellip;","datePublished":"2024-12-10","dateModified":"2024-12-10","author":{"@type":"Person","@id":"https:\/\/www.bebeo.cz\/author\/#Person","name":"bebeo.cz\n","url":"https:\/\/www.bebeo.cz\/author\/","identifier":1,"image":{"@type":"ImageObject","@id":"https:\/\/secure.gravatar.com\/avatar\/25a824e14ead2d36aba24b918221841350fb41cea98048e9b1929df8c4bf4bd8?s=96&d=mm&r=g","url":"https:\/\/secure.gravatar.com\/avatar\/25a824e14ead2d36aba24b918221841350fb41cea98048e9b1929df8c4bf4bd8?s=96&d=mm&r=g","height":96,"width":96}},"publisher":{"@type":"Organization","name":"bebeo.cz","logo":{"@type":"ImageObject","@id":"\/logo.png","url":"\/logo.png","width":600,"height":60}},"url":"https:\/\/www.bebeo.cz\/vlasy-jsou-vzacnost\/","wordCount":187,"articleBody":"Ka\u017ed\u00e1 \u017eena tou\u017e\u00ed po tom m\u00edt kr\u00e1sn\u00e9 vlasy, kter\u00e9 dr\u017e\u00ed sv\u016fj tvar a maj\u00ed perfektn\u011b vypadaj\u00edc\u00ed barvu. Ale co kdy\u017e V\u00e1s jako mnoho ostatn\u00edch postihne vypad\u00e1v\u00e1n\u00ed vlas\u016f z nejr\u016fzn\u011bj\u0161\u00edch d\u016fvod\u016f. Budete tento fakt zakr\u00fdvat klobouky a \u010depicemi? Za chv\u00edli se stejn\u011b V\u00e1\u0161 nep\u0159\u00edjemn\u00fd probl\u00e9m proval\u00ed a Vy budete o to v\u00edce zklaman\u00ed. M\u00e1me pro V\u00e1s elegantn\u00ed \u0159e\u0161en\u00ed, kter\u00e9 V\u00e1s nebude mrzet. Nejsme jedin\u00ed, ale jsme nejlep\u0161\u00ed Ve sv\u00e9m oboru vynik\u00e1me ji\u017e mnoho let. Je opravdu t\u011b\u017ek\u00e9 udr\u017eet se na sv\u00e9 p\u0159\u00ed\u010dce, ale my to zvl\u00e1d\u00e1me levou zadn\u00ed, proto\u017ee to d\u011bl\u00e1me s l\u00e1skou pro na\u0161e kr\u00e1sn\u00e9 a mil\u00e9 z\u00e1kazn\u00edky, kte\u0159\u00ed pot\u0159ebuj\u00ed paruku, a\u0165 u\u017e z jak\u00e9hokoli d\u016fvodu. Kr\u00e1tk\u00e9, dlouh\u00e9, kudrnat\u00e9, m\u00e1me v\u0161e, na co si jen vzpomenete a to jen z t\u011bch nekvalitn\u011bj\u0161\u00edch vlas\u016f. Nebojte se uk\u00e1zat sv\u011btu, co na V\u00e1s m\u016f\u017ee b\u00fdt kr\u00e1sn\u00e9.                                                                                                                                                                                                                                                                                                                                                                                        3.3\/5 - (6 votes)        "},{"@context":"https:\/\/schema.org\/","@type":"BreadcrumbList","itemListElement":[{"@type":"ListItem","position":1,"name":"Vlasy jsou vz\u00e1cnost","item":"https:\/\/www.bebeo.cz\/vlasy-jsou-vzacnost\/#breadcrumbitem"}]}]