[{"@context":"https:\/\/schema.org\/","@type":"Article","@id":"https:\/\/www.bebeo.cz\/pariz-mesto-lasky\/#Article","mainEntityOfPage":"https:\/\/www.bebeo.cz\/pariz-mesto-lasky\/","headline":"Par\u00ed\u017e &#8211; mesto l\u00e1sky","name":"Par\u00ed\u017e &#8211; mesto l\u00e1sky","description":"Pam\u00e4t\u00e1te sa e\u0161te, kde ste ju po\u017eiadali o ruku? Pod Eiffelovou ve\u017eou pr\u00e1ve pofukoval slab\u00fd v\u00e1nok a vy ste s&hellip;","datePublished":"2025-01-19","dateModified":"2025-01-19","author":{"@type":"Person","@id":"https:\/\/www.bebeo.cz\/author\/#Person","name":"bebeo.cz\n","url":"https:\/\/www.bebeo.cz\/author\/","identifier":1,"image":{"@type":"ImageObject","@id":"https:\/\/secure.gravatar.com\/avatar\/25a824e14ead2d36aba24b918221841350fb41cea98048e9b1929df8c4bf4bd8?s=96&d=mm&r=g","url":"https:\/\/secure.gravatar.com\/avatar\/25a824e14ead2d36aba24b918221841350fb41cea98048e9b1929df8c4bf4bd8?s=96&d=mm&r=g","height":96,"width":96}},"publisher":{"@type":"Organization","name":"bebeo.cz","logo":{"@type":"ImageObject","@id":"\/logo.png","url":"\/logo.png","width":600,"height":60}},"url":"https:\/\/www.bebeo.cz\/pariz-mesto-lasky\/","wordCount":170,"articleBody":"Pam\u00e4t\u00e1te sa e\u0161te, kde ste ju po\u017eiadali o ruku? Pod Eiffelovou ve\u017eou pr\u00e1ve pofukoval slab\u00fd v\u00e1nok a vy ste s rozb\u00fa\u0161en\u00fdm srdcom k\u013ea\u010dali pred svojou milou a v ruke sa v\u00e1m trbietal prste\u0148. Prekvapte svoju z\u00e1konit\u00fa man\u017eelku, a na\u0161e obrazy na pl\u00e1tne jej urobia o to v\u00e4\u010d\u0161iu rados\u0165, \u017ee pr\u00e1ve ste to stihli do v\u00fdro\u010dia va\u0161ej svadby. Pri poh\u013eade na t\u00fato ve\u010dn\u00fa dominantu mesta v\u017edy podvedome jemne stla\u010d\u00edte dla\u0148 svojej \u017eeny. Nad\u00fdchnete sa A znova a znova pre\u017eijete jeden kr\u00e1sny de\u0148 pod oce\u013eov\u00fdm symbolom Franc\u00fazska. Kde na Champs-\u00c9lys\u00e9e ste sa romanticky t\u00falili k sebe tak \u0161\u0165astne zamilovan\u00ed. Jar vtedy vo\u0148ala rannou k\u00e1vou z nespo\u010detn\u00fdch bistier a kaviarni\u010diek. Obrazy na pl\u00e1tne v\u00e1s v okamihu prenes\u00fa na t\u00fato, pod\u013ea viacer\u00fdch, Najkraj\u0161iu ulicu na svete!                                                                                                                                                                                                                                                                                                                                                                                        2.7\/5 - (3 votes)        "},{"@context":"https:\/\/schema.org\/","@type":"BreadcrumbList","itemListElement":[{"@type":"ListItem","position":1,"name":"Par\u00ed\u017e &#8211; mesto l\u00e1sky","item":"https:\/\/www.bebeo.cz\/pariz-mesto-lasky\/#breadcrumbitem"}]}]