[{"@context":"https:\/\/schema.org\/","@type":"Article","@id":"https:\/\/www.bebeo.cz\/nechte-se-prestehovat-profesionalni-firmou\/#Article","mainEntityOfPage":"https:\/\/www.bebeo.cz\/nechte-se-prestehovat-profesionalni-firmou\/","headline":"Nechte se p\u0159est\u011bhovat profesion\u00e1ln\u00ed firmou","name":"Nechte se p\u0159est\u011bhovat profesion\u00e1ln\u00ed firmou","description":"Jedno lidov\u00e9 r\u010den\u00ed tvrd\u00ed, \u017ee je lep\u0161\u00ed dvakr\u00e1t vyho\u0159et ne\u017eli se jednou st\u011bhovat. Pokud s t\u00edmto tvrzen\u00edm souhlas\u00edte, pak v\u00e1s&hellip;","datePublished":"2019-06-05","dateModified":"2023-04-28","author":{"@type":"Person","@id":"https:\/\/www.bebeo.cz\/author\/#Person","name":"bebeo.cz\n","url":"https:\/\/www.bebeo.cz\/author\/","identifier":1,"image":{"@type":"ImageObject","@id":"https:\/\/secure.gravatar.com\/avatar\/25a824e14ead2d36aba24b918221841350fb41cea98048e9b1929df8c4bf4bd8?s=96&d=mm&r=g","url":"https:\/\/secure.gravatar.com\/avatar\/25a824e14ead2d36aba24b918221841350fb41cea98048e9b1929df8c4bf4bd8?s=96&d=mm&r=g","height":96,"width":96}},"publisher":{"@type":"Organization","name":"bebeo.cz","logo":{"@type":"ImageObject","@id":"\/logo.png","url":"\/logo.png","width":600,"height":60}},"image":{"@type":"ImageObject","@id":"https:\/\/www.bebeo.cz\/wp-content\/uploads\/img_a358391_w1743_t1572536490.jpg","url":"https:\/\/www.bebeo.cz\/wp-content\/uploads\/img_a358391_w1743_t1572536490.jpg","height":0,"width":0},"url":"https:\/\/www.bebeo.cz\/nechte-se-prestehovat-profesionalni-firmou\/","about":["Slu\u017eby"],"wordCount":447,"articleBody":"         Jedno lidov\u00e9 r\u010den\u00ed tvrd\u00ed,  \u017ee je lep\u0161\u00ed dvakr\u00e1t vyho\u0159et  ne\u017eli se jednou st\u011bhovat. Pokud s t\u00edmto tvrzen\u00edm souhlas\u00edte, pak v\u00e1s pravd\u011bpodobn\u011b d\u011bs\u00ed zejm\u00e9na dv\u011b z\u00e1le\u017eitosti, kter\u00e9 se st\u011bhov\u00e1n\u00edm \u00fazce souvis\u00ed a kter\u00fdm se v podstat\u011b nen\u00ed mo\u017en\u00e9 vyhnout.  Balen\u00ed v\u0161ech v\u011bc\u00ed, kter\u00e9 se v\u00e1m za ta l\u00e9ta nahromadily. P\u0159i balen\u00ed a n\u00e1sledn\u00e9m transportu mo\u017enost rozbit\u00ed n\u011bkter\u00fdch nenahraditeln\u00fdch v\u011bc\u00ed. Pokud v\u00e1m pr\u00e1v\u011b tyto z\u00e1le\u017eitosti berou klidn\u00fd sp\u00e1nek, pak vyu\u017eijte ke st\u011bhov\u00e1n\u00ed profesion\u00e1ly. Balic\u00ed servis Odnesto v\u00e1m zajist\u00ed, \u017ee nedojde k sebemen\u0161\u00edmu po\u0161kozen\u00ed st\u011bhovan\u00fdch v\u011bc\u00ed.  Nejd\u016fle\u017eit\u011bj\u0161\u00ed toti\u017e je, jak\u00fdm zp\u016fsobem se v\u0161e zabal\u00ed. Nen\u00ed um\u011bn\u00ed nah\u00e1zet v\u0161e do jedn\u00e9 krabice s t\u00edm, \u017ee se to potom n\u011bjak p\u0159ebere. Profesion\u00e1ln\u00ed balic\u00ed slu\u017eba m\u00e1 (krom\u011b bohat\u00fdch zku\u0161enost\u00ed) tak\u00e9 k dispozici r\u016fzn\u00e9 druhy obalov\u00e9ho materi\u00e1lu. T\u00edm p\u00e1dem v\u017edy spolehliv\u011b zabal\u00ed v\u0161e \u2013 od n\u00e1bytku a\u017e po brou\u0161en\u00fd k\u0159i\u0161\u0165\u00e1l.  M\u016f\u017eete vyu\u017e\u00edt jen n\u011bkter\u00e9 slu\u017eby  Pokud si ale p\u0159esto chcete sv\u00e9 v\u011bci zabalit sami a pot\u0159ebujete pouze vhodn\u00fd obalov\u00fd materi\u00e1l, pak nen\u00ed probl\u00e9m si ho zap\u016fj\u010dit. V podstat\u011b m\u00e1te p\u0159i st\u011bhov\u00e1n\u00ed t\u0159i mo\u017enosti, jak\u00fdm zp\u016fsobem budete cht\u00edt vyu\u017e\u00edt t\u011bchto slu\u017eeb.  Zabalen\u00ed st\u011bhovan\u00fdch v\u011bc\u00ed a odvoz na nov\u00e9 m\u00edsto. Zabalen\u00ed st\u011bhovan\u00fdch v\u011bc\u00ed, p\u0159i\u010dem\u017e si z\u00e1kazn\u00edk odveze v\u0161e s\u00e1m. Pouze zap\u016fj\u010den\u00ed nebo i prodej obalov\u00e9ho materi\u00e1lu. V sou\u010dasn\u00e9 dob\u011b je mo\u017en\u00e9 naj\u00edt snad ka\u017edou slu\u017ebu pro ka\u017edou p\u0159\u00edle\u017eitost. Pro\u010d toho tedy ob\u010das nevyu\u017e\u00edt a neuleh\u010dit si tak \u017eivot? V\u011bt\u0161inou se jedn\u00e1 o finan\u010dn\u011b velice p\u0159ijateln\u00e9 podm\u00ednky.  A v p\u0159\u00edpad\u011b profesion\u00e1ln\u00ed balic\u00ed slu\u017eby se za n\u011bkter\u00e9 slu\u017eby nep\u0159ipl\u00e1c\u00ed. Nap\u0159\u00edklad po v\u00e1s nebude nikdo po\u017eadovat p\u0159\u00edplatek za pr\u00e1ci o sv\u00e1tc\u00edch, v\u00edkendech nebo v noci. Nic nep\u0159ipl\u00e1c\u00edte ani za poji\u0161t\u011bn\u00ed p\u0159i manipulaci s p\u0159edm\u011bty a ani na poji\u0161t\u011bn\u00ed b\u011bhem p\u0159epravy. Do placen\u00e9ho \u010dasu nespadaj\u00ed konzultace p\u0159ed samotn\u00fdm st\u011bhov\u00e1n\u00edm a prohl\u00eddka p\u0159epravovan\u00fdch v\u011bc\u00ed.                                                                                                                                                                                                                                                                                                                                                                                           4.7\/5 - (8 votes)        "},{"@context":"https:\/\/schema.org\/","@type":"BreadcrumbList","itemListElement":[{"@type":"ListItem","position":1,"name":"Nechte se p\u0159est\u011bhovat profesion\u00e1ln\u00ed firmou","item":"https:\/\/www.bebeo.cz\/nechte-se-prestehovat-profesionalni-firmou\/#breadcrumbitem"}]}]