[{"@context":"https:\/\/schema.org\/","@type":"Article","@id":"https:\/\/www.bebeo.cz\/mate-radi-zimu-ale-nesnasite-uklid-snehu\/#Article","mainEntityOfPage":"https:\/\/www.bebeo.cz\/mate-radi-zimu-ale-nesnasite-uklid-snehu\/","headline":"M\u00e1te r\u00e1di zimu, ale nesn\u00e1\u0161\u00edte \u00faklid sn\u011bhu?","name":"M\u00e1te r\u00e1di zimu, ale nesn\u00e1\u0161\u00edte \u00faklid sn\u011bhu?","description":"Zima n\u00e1m n\u011bkdy nad\u011bl\u00ed tolik sn\u011bhu, \u017ee nev\u00edme, kde ho za\u010d\u00edt d\u0159\u00edv odkl\u00edzet. Sotva ho uklid\u00edte a oh\u0159ejete se hork\u00fdm&hellip;","datePublished":"2025-01-26","dateModified":"2025-01-26","author":{"@type":"Person","@id":"https:\/\/www.bebeo.cz\/author\/#Person","name":"bebeo.cz\n","url":"https:\/\/www.bebeo.cz\/author\/","identifier":1,"image":{"@type":"ImageObject","@id":"https:\/\/secure.gravatar.com\/avatar\/25a824e14ead2d36aba24b918221841350fb41cea98048e9b1929df8c4bf4bd8?s=96&d=mm&r=g","url":"https:\/\/secure.gravatar.com\/avatar\/25a824e14ead2d36aba24b918221841350fb41cea98048e9b1929df8c4bf4bd8?s=96&d=mm&r=g","height":96,"width":96}},"publisher":{"@type":"Organization","name":"bebeo.cz","logo":{"@type":"ImageObject","@id":"\/logo.png","url":"\/logo.png","width":600,"height":60}},"url":"https:\/\/www.bebeo.cz\/mate-radi-zimu-ale-nesnasite-uklid-snehu\/","wordCount":224,"articleBody":"Zima n\u00e1m n\u011bkdy nad\u011bl\u00ed tolik sn\u011bhu, \u017ee nev\u00edme, kde ho za\u010d\u00edt d\u0159\u00edv odkl\u00edzet. Sotva ho uklid\u00edte a oh\u0159ejete se hork\u00fdm \u010dajem, u\u017e pad\u00e1 znova. Nen\u00ed divu, \u017ee jste cel\u00ed rozmrzel\u00ed ze zimy. M\u00e1lokoho bav\u00ed tr\u00e1vit voln\u00e9 chv\u00edle s lopatou nebo ko\u0161t\u011btem v ruce. Neukl\u00edzejte sn\u00edh zdlouhav\u011b a nam\u00e1hav\u011b, pomozte si modern\u00edm p\u0159\u00edstrojem, d\u00edky kter\u00e9mu budete zvl\u00e1dat \u00faklid rychle a pe\u010dliv\u011b.Ukl\u00edzen\u00ed sn\u011bhu m\u016f\u017ee b\u00fdt jednoduch\u00e9Sn\u011bhov\u00e9 fr\u00e9zyse staly hitem zejm\u00e9na v posledn\u00edch letech, proto\u017ee d\u00edky p\u0159ijateln\u00fdm cen\u00e1m si je m\u016f\u017ee dovolit v\u00edce lid\u00ed, ne\u017e kdy d\u0159\u00edve. Kvalitn\u00ed fr\u00e9zu pro \u00faklid sn\u011bhu koup\u00edte ji\u017e od t\u0159in\u00e1cti tis\u00edc korun, co\u017e je skv\u011bl\u00e1 cena za to, \u017ee \u00faklid sn\u011bhu pro v\u00e1s bude jednoduch\u00fd, a vy si budete moct u\u017e\u00edvat sv\u016fj voln\u00fd \u010das p\u0159\u00edjemn\u011bji ne\u017e \u00faklidem sn\u011bhu. Ne\u010dekejte, a\u017e budou fr\u00e9zy vyprod\u00e1ny. Nakupte dop\u0159edu, aby v\u00e1m fr\u00e9za stihla p\u0159ij\u00edt v\u010das. Na na\u0161em webu v\u017edy zjist\u00edte, kter\u00e9 fr\u00e9zy m\u00e1me skladem, a za jak dlouho bude kter\u00e1 skladem t\u00e9\u017e.                                                                                                                                                                                                                                                                                                                                                                                        1\/5 - (1 vote)        "},{"@context":"https:\/\/schema.org\/","@type":"BreadcrumbList","itemListElement":[{"@type":"ListItem","position":1,"name":"M\u00e1te r\u00e1di zimu, ale nesn\u00e1\u0161\u00edte \u00faklid sn\u011bhu?","item":"https:\/\/www.bebeo.cz\/mate-radi-zimu-ale-nesnasite-uklid-snehu\/#breadcrumbitem"}]}]