[{"@context":"https:\/\/schema.org\/","@type":"Article","@id":"https:\/\/www.bebeo.cz\/kadernictvi\/#Article","mainEntityOfPage":"https:\/\/www.bebeo.cz\/kadernictvi\/","headline":"Kade\u0159nictv\u00ed","name":"Kade\u0159nictv\u00ed","description":"Mnoz\u00ed z\u00a0n\u00e1s ji\u017e n\u011bkdy byly u kade\u0159n\u00edka. N\u011bkte\u0159\u00ed byly spokojen\u00e9, n\u011bkte\u0159\u00ed ne. Mu\u017ei v\u011bt\u0161inou neb\u00fdvaj\u00ed tolik n\u00e1ro\u010dn\u00ed, ov\u0161em \u017eeny jsou&hellip;","datePublished":"2023-04-28","dateModified":"2023-04-28","author":{"@type":"Person","@id":"https:\/\/www.bebeo.cz\/author\/#Person","name":"bebeo.cz\n","url":"https:\/\/www.bebeo.cz\/author\/","identifier":1,"image":{"@type":"ImageObject","@id":"https:\/\/secure.gravatar.com\/avatar\/25a824e14ead2d36aba24b918221841350fb41cea98048e9b1929df8c4bf4bd8?s=96&d=mm&r=g","url":"https:\/\/secure.gravatar.com\/avatar\/25a824e14ead2d36aba24b918221841350fb41cea98048e9b1929df8c4bf4bd8?s=96&d=mm&r=g","height":96,"width":96}},"publisher":{"@type":"Organization","name":"bebeo.cz","logo":{"@type":"ImageObject","@id":"\/logo.png","url":"\/logo.png","width":600,"height":60}},"url":"https:\/\/www.bebeo.cz\/kadernictvi\/","about":["Slu\u017eby"],"wordCount":433,"articleBody":"Mnoz\u00ed z\u00a0n\u00e1s ji\u017e n\u011bkdy byly u kade\u0159n\u00edka. N\u011bkte\u0159\u00ed byly spokojen\u00e9, n\u011bkte\u0159\u00ed ne. Mu\u017ei v\u011bt\u0161inou neb\u00fdvaj\u00ed tolik n\u00e1ro\u010dn\u00ed, ov\u0161em \u017eeny jsou na sv\u00e9 vlasy py\u0161n\u00e9 a vy\u017eaduj\u00ed, aby vypadaly pokud mo\u017eno nejl\u00e9pe.Co n\u00e1m m\u016f\u017ee nab\u00eddnout n\u00e1v\u0161t\u011bva kade\u0159nictv\u00ed oproti dom\u00e1c\u00edmu o\u0161et\u0159en\u00ed vlas\u016f? Nen\u00ed to jenom v\u00fdrazn\u00e9 odleh\u010den\u00ed pen\u011b\u017eenky. N\u00e1v\u0161t\u011bvu kade\u0159nictv\u00ed m\u016f\u017eete klidn\u011b pojmout jako relaxaci. Poj\u010fme si to rozebrat.\u00b7\u00a0\u00a0\u00a0\u00a0\u00a0\u00a0\u00a0\u00a0 Barven\u00ed vlas\u016f \u2013 barvit vlasy si m\u016f\u017eete pochopiteln\u011b i doma. Pokud m\u00e1te nap\u0159\u00edklad vlasy hn\u011bd\u00e9 a chcete pouze zv\u00fdraznit svou barvu, aby byla leskl\u00e1, p\u0159\u00edpadn\u011b o p\u00e1r odst\u00edn\u016f tmav\u0161\u00ed a z\u00e1rove\u0148 v\u00e1m nebude vadit, kdy\u017e nebude \u00fapln\u011b 100% stejnom\u011brn\u00e1, klidn\u011b si vlasy barv\u011bte doma sv\u00e9pomoc\u00ed.B\u011b\u017en\u00e9 barvy, kter\u00e9 si m\u016f\u017eete zakoupit v\u00a0drogeri\u00edch, jsou v\u011bt\u0161inou velice snadno aplikovateln\u00e9 a jejich aplikace zvl\u00e1dne i laik. Pokud si ale na vlasech p\u0159ejete vytvo\u0159it r\u016fzn\u00e9 prou\u017eky, p\u0159\u00edpadn\u011b zesv\u011btlen\u00ed vlas\u016f, je pravd\u011bpodobn\u011b lep\u0161\u00ed, obr\u00e1tit se na profesion\u00e1ly. P\u0159i odbarvov\u00e1n\u00ed vlas\u016f toti\u017e m\u016f\u017eete doma doc\u00edlit \u017elut\u00e9ho a\u017e \u010derven\u00e9ho n\u00e1dechu, kter\u00fd v\u00a0kade\u0159nictv\u00edch dok\u00e1\u017eou snadno st\u00e1hnout, kde\u017eto v\u00a0dom\u00e1c\u00edch podm\u00ednk\u00e1ch si koledujete o poni\u010den\u00ed vlas\u016f.\u00a0\u00b7\u00a0\u00a0\u00a0\u00a0\u00a0\u00a0\u00a0\u00a0 St\u0159\u00edh\u00e1n\u00ed vlas\u016f \u2013 ost\u0159\u00edhat sv\u00e9 mal\u00e9 d\u011bti ur\u010dit\u011b zvl\u00e1dnete doma. Sv\u00e9 p\u0159erostl\u00e9 ko\u0159\u00ednky na dlouh\u00fdch vlasech tak\u00e9 m\u016f\u017eete vyzkou\u0161et ust\u0159\u00edhnou sama a velk\u00e9 \u0161kody jist\u011b nenad\u011bl\u00e1te. U slo\u017eit\u011bj\u0161\u00edch \u00fa\u010des\u016f a p\u0159edev\u0161\u00edm pak u krat\u0161\u00edch vlas\u016f to chce ov\u0161em u\u017e profesion\u00e1ln\u00ed st\u0159\u00edh\u00e1n\u00ed, pokud se tedy nespokoj\u00edte s\u00a0\u00fa\u010desem a l\u00e1 podle hrnce.\u00a0\u00b7\u00a0\u00a0\u00a0\u00a0\u00a0\u00a0\u00a0\u00a0 Relax \u2013 v\u00a0neposledn\u00ed \u0159ad\u011b v\u00e1m kade\u0159nictv\u00ed zab\u00edr\u00e1 v\u00edce \u010dasu, ne\u017e kdy\u017e se narychlo ost\u0159\u00edh\u00e1te a nabarv\u00edte doma. Na druhou stranu si ale v\u00a0kade\u0159nictv\u00ed m\u016f\u017eete odpo\u010dinout, relaxovat a b\u00fdt v\u00a0klidu, proto\u017ee v\u00edte, \u017ee jste v\u00a0rukou profesion\u00e1l\u016f.\u00a0\u00a0\u00b7\u00a0\u00a0\u00a0\u00a0\u00a0\u00a0\u00a0\u00a0 Speci\u00e1ln\u00ed slu\u017eby \u2013 jsou v\u011bci, \u00fakony na vlasech, kter\u00e9 doma nezvl\u00e1dnete, ani kdybyste se rozkr\u00e1jeli. Nap\u0159\u00edklad takov\u00e9 zapl\u00e9t\u00e1n\u00ed stovky tenk\u00fdch cop\u00e1nk\u016f, o\u0161et\u0159en\u00ed vlas\u016f brazilsk\u00fdm keratinem nebo zhu\u0161\u0165ov\u00e1n\u00ed vlas\u016f metodou clip-in. To jsou v\u011bci, kter\u00e9 nejl\u00e9pe zvl\u00e1dnou v\u00a0kade\u0159nictv\u00ed.                                                                                                                                                                                                                                                                                                                                                                                        3.4\/5 - (5 votes)        "},{"@context":"https:\/\/schema.org\/","@type":"BreadcrumbList","itemListElement":[{"@type":"ListItem","position":1,"name":"Kade\u0159nictv\u00ed","item":"https:\/\/www.bebeo.cz\/kadernictvi\/#breadcrumbitem"}]}]