[{"@context":"https:\/\/schema.org\/","@type":"Article","@id":"https:\/\/www.bebeo.cz\/jsou-devitky-na-zakladni-skole-dulezite\/#Article","mainEntityOfPage":"https:\/\/www.bebeo.cz\/jsou-devitky-na-zakladni-skole-dulezite\/","headline":"Jsou dev\u00edtky na z\u00e1kladn\u00ed \u0161kole d\u016fle\u017eit\u00e9?","name":"Jsou dev\u00edtky na z\u00e1kladn\u00ed \u0161kole d\u016fle\u017eit\u00e9?","description":"Jednou ji m\u00e1me a podruh\u00e9 zase ne. M\u00e1m na mysli dev\u00e1tou t\u0159\u00eddu z\u00e1kladn\u00ed \u0161koly. Je zaj\u00edmav\u00e9, \u017ee se je\u0161t\u011b nena\u0161el&hellip;","datePublished":"2025-02-23","dateModified":"2023-04-28","author":{"@type":"Person","@id":"https:\/\/www.bebeo.cz\/author\/#Person","name":"bebeo.cz\n","url":"https:\/\/www.bebeo.cz\/author\/","identifier":1,"image":{"@type":"ImageObject","@id":"https:\/\/secure.gravatar.com\/avatar\/25a824e14ead2d36aba24b918221841350fb41cea98048e9b1929df8c4bf4bd8?s=96&d=mm&r=g","url":"https:\/\/secure.gravatar.com\/avatar\/25a824e14ead2d36aba24b918221841350fb41cea98048e9b1929df8c4bf4bd8?s=96&d=mm&r=g","height":96,"width":96}},"publisher":{"@type":"Organization","name":"bebeo.cz","logo":{"@type":"ImageObject","@id":"\/logo.png","url":"\/logo.png","width":600,"height":60}},"image":{"@type":"ImageObject","@id":"https:\/\/www.bebeo.cz\/wp-content\/uploads\/img_a296219_w1743_t1507396217.jpg","url":"https:\/\/www.bebeo.cz\/wp-content\/uploads\/img_a296219_w1743_t1507396217.jpg","height":0,"width":0},"url":"https:\/\/www.bebeo.cz\/jsou-devitky-na-zakladni-skole-dulezite\/","about":["Vzd\u011bl\u00e1n\u00ed"],"wordCount":418,"articleBody":"Jednou ji m\u00e1me a podruh\u00e9 zase ne. M\u00e1m na mysli dev\u00e1tou t\u0159\u00eddu z\u00e1kladn\u00ed \u0161koly. Je zaj\u00edmav\u00e9, \u017ee se je\u0161t\u011b nena\u0161el nikdo, kdo by opravdu rozhodl o tom, jestli je tato t\u0159\u00edda p\u0159\u00ednosem nebo je to jen zdr\u017eov\u00e1n\u00ed se zbyte\u010dn\u011b o rok d\u00e9le na z\u00e1kladn\u00ed \u0161kole.\u00a7\u00a0 Jak je to tedy s t\u011bmito \u201evousat\u00fdmi a prsat\u00fdmi\u201c d\u011btmi ve skute\u010dnosti?o\u00a0\u00a0 Je pro n\u011b dev\u00e1t\u00e1 t\u0159\u00edda dobr\u00e1 nebo ne?Argumenty jsou opravdu r\u016fzn\u00e9 a ka\u017ed\u00fd sp\u00ed\u0161e mluv\u00ed ze sv\u00e9 zku\u0161enosti. Jinak na probl\u00e9m pohl\u00ed\u017eej\u00ed u\u010ditel\u00e9, jinak \u017e\u00e1ci a jinak jejich rodi\u010de. Jedn\u00edm z argument\u016f je, \u017ee \u010dtrn\u00e1ctilet\u00fd \u010dlov\u011bk je\u0161t\u011b nem\u00e1 vyhran\u011bnou p\u0159edstavu o tom, co by cht\u011bl v \u017eivot\u011b d\u011blat. Pro takov\u00e9 d\u00edt\u011b to tedy bude ur\u010dit\u011b p\u0159\u00ednosn\u00e9. Bude se alespo\u0148 moci rozhodnout, co d\u00e1l. V\u0161ichni mlad\u00ed lid\u00e9 ale nejsou stejn\u00ed. Co d\u011blat v p\u0159\u00edpad\u011b, \u017ee je tomu u n\u011bkter\u00e9ho budouc\u00edho studenta naopak? V\u00ed p\u0159esn\u011b, jak bude jeho budoucnost vypadat. Alespo\u0148 ve smyslu budouc\u00edho studia. Pro toho by mohl b\u00fdt dal\u0161\u00ed rok ve \u0161kole jen zbyte\u010dn\u00fdm zdr\u017eov\u00e1n\u00edm.\tJednou dev\u011bt, jednou osmMnoho u\u010ditel\u016f se p\u0159ikl\u00e1n\u00ed sp\u00ed\u0161e na stranu t\u011bch, co by dev\u00e1tou t\u0159\u00eddu cht\u011bli zru\u0161it. Je to podle nich promarn\u011bn\u00fd \u010das jak pro u\u010ditele, tak i pro jejich \u017e\u00e1ky. Patn\u00e1ctilet\u00ed a \u0161estn\u00e1ctilet\u00ed mlad\u00ed lid\u00e9 se u\u017e v\u011bt\u0161inou d\u011btmi nec\u00edt\u00ed a doch\u00e1zku na z\u00e1kladn\u00ed \u0161kolu pova\u017euj\u00ed za degraduj\u00edc\u00ed. A d\u00e1vaj\u00ed to pat\u0159i\u010dn\u011b najevo.\u00b7\u00a0\u00a0\u00a0\u00a0\u00a0\u00a0\u00a0 Byly roky, kdy byla dev\u00e1t\u00e1 t\u0159\u00edda na z\u00e1kladn\u00ed \u0161kole pouze dobrovoln\u00e1.\u00b7\u00a0\u00a0\u00a0\u00a0\u00a0\u00a0\u00a0 Mo\u017en\u00e1 by to byla ta spr\u00e1vn\u00e1 cesta pro ty, kte\u0159\u00ed je\u0161t\u011b nemaj\u00ed jasno anebo pro ty \u017e\u00e1ky, kte\u0159\u00ed se na sv\u016fj vysn\u011bn\u00fd obor prost\u011b letos nedostali.Osmilet\u00e1 povinn\u00e1 \u0161koln\u00ed doch\u00e1zka na z\u00e1kladn\u00ed \u0161kolu byla uz\u00e1kon\u011bn\u00e1 v roce 1960. Fungovala \u0161estn\u00e1ct let a op\u011bt byla na dal\u0161\u00edch osm let zru\u0161ena. Roku 1990 jsou op\u011bt zavedeny dev\u00e1t\u00e9 t\u0159\u00eddy, kter\u00e9 jsou nepovinn\u00e9. O \u0161est let pozd\u011bji je znovu zavedena jako povinn\u00e1. Prost\u011b v tom st\u00e1le nem\u00e1me jasno. A jak to tak vypad\u00e1, dlouho je\u0161t\u011b m\u00edt nebudeme.\u00a0                                                                                                                                                                                                                                                                                                                                                                                        5\/5 - (3 votes)        "},{"@context":"https:\/\/schema.org\/","@type":"BreadcrumbList","itemListElement":[{"@type":"ListItem","position":1,"name":"Jsou dev\u00edtky na z\u00e1kladn\u00ed \u0161kole d\u016fle\u017eit\u00e9?","item":"https:\/\/www.bebeo.cz\/jsou-devitky-na-zakladni-skole-dulezite\/#breadcrumbitem"}]}]